{"id":1852,"date":"2026-08-30T19:19:51","date_gmt":"2026-08-30T17:19:51","guid":{"rendered":"https:\/\/cbf.cgt.fr\/?p=1852"},"modified":"2026-08-30T19:27:32","modified_gmt":"2026-08-30T17:27:32","slug":"mercredi-02-cest-concert","status":"publish","type":"post","link":"https:\/\/cbf.cgt.fr\/index.php\/2026\/08\/30\/mercredi-02-cest-concert\/","title":{"rendered":"Mercredi 02\/09 C&rsquo;est Concert\u202f!"},"content":{"rendered":"\n<figure class=\"wp-block-image size-full\"><img decoding=\"async\" width=\"718\" height=\"491\" src=\"https:\/\/cbf.cgt.fr\/wp-content\/uploads\/2026\/08\/Spectacle-03-sept-26.png\" alt=\"\" class=\"wp-image-1853\" srcset=\"https:\/\/cbf.cgt.fr\/wp-content\/uploads\/2026\/08\/Spectacle-03-sept-26.png 718w, https:\/\/cbf.cgt.fr\/wp-content\/uploads\/2026\/08\/Spectacle-03-sept-26-300x205.png 300w\" sizes=\"(max-width: 718px) 100vw, 718px\" \/><\/figure>\n\n\n\n<p class=\"wp-block-paragraph\">KERESHMEH est un groupe de musiciens iraniens qui pr\u00f4ne le dialogue entre l&rsquo;Orient et l&rsquo;Occident.<br>Hossein joue du t\u00e2r, instrument \u00e0 cordes embl\u00e9matique de la musique traditionnelle persane.<br>Nava chante et joue du piano. Ambassadrice de la fusion, elle explore la synergie entre le r\u00e9pertoire classique universel et les m\u00e9lodies d\u2019Orient. Elle incarne, aux c\u00f4t\u00e9s de Hossein, ce dialogue instrumental unique qui d\u00e9finit l&rsquo;identit\u00e9 sonore de KERESHMEH.<\/p>\n\n\n\n<p class=\"wp-block-paragraph\">L&rsquo;Iran est connu aussi pour ses po\u00e8tes talentueux. Lors de ce spectacle, vous pourrez \u00e9couter un po\u00e8me \u00e9crit en persan, lu par Shabnam et traduit par Nava.<\/p>\n","protected":false},"excerpt":{"rendered":"<p>KERESHMEH est un groupe de musiciens iraniens qui pr\u00f4ne le dialogue entre l&rsquo;Orient et l&rsquo;Occident.Hossein joue du t\u00e2r, instrument \u00e0 cordes embl\u00e9matique de la musique traditionnelle persane.Nava chante et joue du piano. Ambassadrice de la fusion, elle explore la synergie entre le r\u00e9pertoire classique universel et les m\u00e9lodies d\u2019Orient. Elle incarne, aux c\u00f4t\u00e9s de Hossein,&hellip;&nbsp;<a href=\"https:\/\/cbf.cgt.fr\/index.php\/2026\/08\/30\/mercredi-02-cest-concert\/\" rel=\"bookmark\">Lire la suite &raquo;<span class=\"screen-reader-text\">Mercredi 02\/09 C&rsquo;est Concert\u202f!<\/span><\/a><\/p>\n","protected":false},"author":3,"featured_media":1853,"comment_status":"open","ping_status":"open","sticky":false,"template":"","format":"standard","meta":{"neve_meta_sidebar":"","neve_meta_container":"","neve_meta_enable_content_width":"","neve_meta_content_width":0,"neve_meta_title_alignment":"","neve_meta_author_avatar":"","neve_post_elements_order":"","neve_meta_disable_header":"","neve_meta_disable_footer":"","neve_meta_disable_title":"","_jetpack_newsletter_access":"","_jetpack_dont_email_post_to_subs":false,"_jetpack_newsletter_tier_id":0,"_jetpack_memberships_contains_paywalled_content":false,"_jetpack_feature_clip_id":0,"_jetpack_memberships_contains_paid_content":false,"footnotes":"","jetpack_publicize_message":"","jetpack_publicize_feature_enabled":true,"jetpack_social_post_already_shared":true,"jetpack_social_options":{"image_generator_settings":{"template":"highway","default_image_id":0,"font":"","enabled":false},"version":2},"jetpack_post_was_ever_published":false},"categories":[5,3],"tags":[],"class_list":["post-1852","post","type-post","status-publish","format-standard","has-post-thumbnail","hentry","category-culturel","category-spectacles-vivants"],"yoast_head":"<!-- This site is optimized with the Yoast SEO plugin v28.4 - https:\/\/yoast.com\/product\/yoast-seo-wordpress\/ -->\n<title>Mercredi 02\/09 C&#039;est Concert\u202f! - Centre Beno\u00eet Frachon<\/title>\n<meta name=\"robots\" content=\"index, follow, max-snippet:-1, max-image-preview:large, max-video-preview:-1\" \/>\n<link rel=\"canonical\" href=\"https:\/\/cbf.cgt.fr\/index.php\/2026\/08\/30\/mercredi-02-cest-concert\/\" \/>\n<meta property=\"og:locale\" content=\"fr_FR\" \/>\n<meta property=\"og:type\" content=\"article\" \/>\n<meta property=\"og:title\" content=\"Mercredi 02\/09 C&#039;est Concert\u202f! - Centre Beno\u00eet Frachon\" \/>\n<meta property=\"og:description\" content=\"KERESHMEH est un groupe de musiciens iraniens qui pr\u00f4ne le dialogue entre l&rsquo;Orient et l&rsquo;Occident.Hossein joue du t\u00e2r, instrument \u00e0 cordes embl\u00e9matique de la musique traditionnelle persane.Nava chante et joue du piano. Ambassadrice de la fusion, elle explore la synergie entre le r\u00e9pertoire classique universel et les m\u00e9lodies d\u2019Orient. Elle incarne, aux c\u00f4t\u00e9s de Hossein,&hellip;&nbsp;Lire la suite &raquo;Mercredi 02\/09 C&rsquo;est Concert\u202f!\" \/>\n<meta property=\"og:url\" content=\"https:\/\/cbf.cgt.fr\/index.php\/2026\/08\/30\/mercredi-02-cest-concert\/\" \/>\n<meta property=\"og:site_name\" content=\"Centre Beno\u00eet Frachon\" \/>\n<meta property=\"article:publisher\" content=\"https:\/\/www.facebook.com\/CBFformationsyndicalecgt\" \/>\n<meta property=\"article:published_time\" content=\"2026-08-30T17:19:51+00:00\" \/>\n<meta property=\"article:modified_time\" content=\"2026-08-30T17:27:32+00:00\" \/>\n<meta property=\"og:image\" content=\"https:\/\/cbf.cgt.fr\/wp-content\/uploads\/2026\/08\/Spectacle-03-sept-26.png\" \/>\n\t<meta property=\"og:image:width\" content=\"718\" \/>\n\t<meta property=\"og:image:height\" content=\"491\" \/>\n\t<meta property=\"og:image:type\" content=\"image\/png\" \/>\n<meta name=\"author\" content=\"Anne-Marie GUERRERO\" \/>\n<meta name=\"twitter:card\" content=\"summary_large_image\" \/>\n<meta name=\"twitter:label1\" content=\"\u00c9crit par\" \/>\n\t<meta name=\"twitter:data1\" content=\"Anne-Marie GUERRERO\" \/>\n\t<meta name=\"twitter:label2\" content=\"Dur\u00e9e de lecture estim\u00e9e\" \/>\n\t<meta name=\"twitter:data2\" content=\"1 minute\" \/>\n<script type=\"application\/ld+json\" class=\"yoast-schema-graph\">{\"@context\":\"https:\\\/\\\/schema.org\",\"@graph\":[{\"@type\":\"Article\",\"@id\":\"https:\\\/\\\/cbf.cgt.fr\\\/index.php\\\/2026\\\/08\\\/30\\\/mercredi-02-cest-concert\\\/#article\",\"isPartOf\":{\"@id\":\"https:\\\/\\\/cbf.cgt.fr\\\/index.php\\\/2026\\\/08\\\/30\\\/mercredi-02-cest-concert\\\/\"},\"author\":{\"name\":\"Anne-Marie GUERRERO\",\"@id\":\"https:\\\/\\\/cbf.cgt.fr\\\/#\\\/schema\\\/person\\\/b10522ab979e94c3dcac4983321f3801\"},\"headline\":\"Mercredi 02\\\/09 C&rsquo;est Concert\u202f!\",\"datePublished\":\"2026-08-30T17:19:51+00:00\",\"dateModified\":\"2026-08-30T17:27:32+00:00\",\"mainEntityOfPage\":{\"@id\":\"https:\\\/\\\/cbf.cgt.fr\\\/index.php\\\/2026\\\/08\\\/30\\\/mercredi-02-cest-concert\\\/\"},\"wordCount\":112,\"commentCount\":0,\"publisher\":{\"@id\":\"https:\\\/\\\/cbf.cgt.fr\\\/#organization\"},\"image\":{\"@id\":\"https:\\\/\\\/cbf.cgt.fr\\\/index.php\\\/2026\\\/08\\\/30\\\/mercredi-02-cest-concert\\\/#primaryimage\"},\"thumbnailUrl\":\"https:\\\/\\\/cbf.cgt.fr\\\/wp-content\\\/uploads\\\/2026\\\/08\\\/Spectacle-03-sept-26.png\",\"articleSection\":[\"Activit\u00e9s culturelles\",\"Spectacles Vivants\"],\"inLanguage\":\"fr-FR\",\"potentialAction\":[{\"@type\":\"CommentAction\",\"name\":\"Comment\",\"target\":[\"https:\\\/\\\/cbf.cgt.fr\\\/index.php\\\/2026\\\/08\\\/30\\\/mercredi-02-cest-concert\\\/#respond\"]}]},{\"@type\":\"WebPage\",\"@id\":\"https:\\\/\\\/cbf.cgt.fr\\\/index.php\\\/2026\\\/08\\\/30\\\/mercredi-02-cest-concert\\\/\",\"url\":\"https:\\\/\\\/cbf.cgt.fr\\\/index.php\\\/2026\\\/08\\\/30\\\/mercredi-02-cest-concert\\\/\",\"name\":\"Mercredi 02\\\/09 C'est Concert\u202f! - Centre Beno\u00eet Frachon\",\"isPartOf\":{\"@id\":\"https:\\\/\\\/cbf.cgt.fr\\\/#website\"},\"primaryImageOfPage\":{\"@id\":\"https:\\\/\\\/cbf.cgt.fr\\\/index.php\\\/2026\\\/08\\\/30\\\/mercredi-02-cest-concert\\\/#primaryimage\"},\"image\":{\"@id\":\"https:\\\/\\\/cbf.cgt.fr\\\/index.php\\\/2026\\\/08\\\/30\\\/mercredi-02-cest-concert\\\/#primaryimage\"},\"thumbnailUrl\":\"https:\\\/\\\/cbf.cgt.fr\\\/wp-content\\\/uploads\\\/2026\\\/08\\\/Spectacle-03-sept-26.png\",\"datePublished\":\"2026-08-30T17:19:51+00:00\",\"dateModified\":\"2026-08-30T17:27:32+00:00\",\"breadcrumb\":{\"@id\":\"https:\\\/\\\/cbf.cgt.fr\\\/index.php\\\/2026\\\/08\\\/30\\\/mercredi-02-cest-concert\\\/#breadcrumb\"},\"inLanguage\":\"fr-FR\",\"potentialAction\":[{\"@type\":\"ReadAction\",\"target\":[\"https:\\\/\\\/cbf.cgt.fr\\\/index.php\\\/2026\\\/08\\\/30\\\/mercredi-02-cest-concert\\\/\"]}]},{\"@type\":\"ImageObject\",\"inLanguage\":\"fr-FR\",\"@id\":\"https:\\\/\\\/cbf.cgt.fr\\\/index.php\\\/2026\\\/08\\\/30\\\/mercredi-02-cest-concert\\\/#primaryimage\",\"url\":\"https:\\\/\\\/cbf.cgt.fr\\\/wp-content\\\/uploads\\\/2026\\\/08\\\/Spectacle-03-sept-26.png\",\"contentUrl\":\"https:\\\/\\\/cbf.cgt.fr\\\/wp-content\\\/uploads\\\/2026\\\/08\\\/Spectacle-03-sept-26.png\",\"width\":718,\"height\":491},{\"@type\":\"BreadcrumbList\",\"@id\":\"https:\\\/\\\/cbf.cgt.fr\\\/index.php\\\/2026\\\/08\\\/30\\\/mercredi-02-cest-concert\\\/#breadcrumb\",\"itemListElement\":[{\"@type\":\"ListItem\",\"position\":1,\"name\":\"Accueil\",\"item\":\"https:\\\/\\\/cbf.cgt.fr\\\/\"},{\"@type\":\"ListItem\",\"position\":2,\"name\":\"Mercredi 02\\\/09 C&rsquo;est Concert\u202f!\"}]},{\"@type\":\"WebSite\",\"@id\":\"https:\\\/\\\/cbf.cgt.fr\\\/#website\",\"url\":\"https:\\\/\\\/cbf.cgt.fr\\\/\",\"name\":\"Centre Beno\u00eet Frachon\",\"description\":\"\",\"publisher\":{\"@id\":\"https:\\\/\\\/cbf.cgt.fr\\\/#organization\"},\"potentialAction\":[{\"@type\":\"SearchAction\",\"target\":{\"@type\":\"EntryPoint\",\"urlTemplate\":\"https:\\\/\\\/cbf.cgt.fr\\\/?s={search_term_string}\"},\"query-input\":{\"@type\":\"PropertyValueSpecification\",\"valueRequired\":true,\"valueName\":\"search_term_string\"}}],\"inLanguage\":\"fr-FR\"},{\"@type\":\"Organization\",\"@id\":\"https:\\\/\\\/cbf.cgt.fr\\\/#organization\",\"name\":\"Centre Beno\u00eet Frachon\",\"url\":\"https:\\\/\\\/cbf.cgt.fr\\\/\",\"logo\":{\"@type\":\"ImageObject\",\"inLanguage\":\"fr-FR\",\"@id\":\"https:\\\/\\\/cbf.cgt.fr\\\/#\\\/schema\\\/logo\\\/image\\\/\",\"url\":\"https:\\\/\\\/cbf.cgt.fr\\\/wp-content\\\/uploads\\\/2023\\\/01\\\/logo-centre.png\",\"contentUrl\":\"https:\\\/\\\/cbf.cgt.fr\\\/wp-content\\\/uploads\\\/2023\\\/01\\\/logo-centre.png\",\"width\":747,\"height\":429,\"caption\":\"Centre Beno\u00eet Frachon\"},\"image\":{\"@id\":\"https:\\\/\\\/cbf.cgt.fr\\\/#\\\/schema\\\/logo\\\/image\\\/\"},\"sameAs\":[\"https:\\\/\\\/www.facebook.com\\\/CBFformationsyndicalecgt\",\"https:\\\/\\\/www.instagram.com\\\/centrebenoitfrachoncgt\"]},{\"@type\":\"Person\",\"@id\":\"https:\\\/\\\/cbf.cgt.fr\\\/#\\\/schema\\\/person\\\/b10522ab979e94c3dcac4983321f3801\",\"name\":\"Anne-Marie GUERRERO\",\"image\":{\"@type\":\"ImageObject\",\"inLanguage\":\"fr-FR\",\"@id\":\"https:\\\/\\\/secure.gravatar.com\\\/avatar\\\/c78c5168360cc35b46fcc54a5cf78f9b7f20927117d7a3850a3119a9caec69d8?s=96&d=mm&r=g\",\"url\":\"https:\\\/\\\/secure.gravatar.com\\\/avatar\\\/c78c5168360cc35b46fcc54a5cf78f9b7f20927117d7a3850a3119a9caec69d8?s=96&d=mm&r=g\",\"contentUrl\":\"https:\\\/\\\/secure.gravatar.com\\\/avatar\\\/c78c5168360cc35b46fcc54a5cf78f9b7f20927117d7a3850a3119a9caec69d8?s=96&d=mm&r=g\",\"caption\":\"Anne-Marie GUERRERO\"},\"url\":\"https:\\\/\\\/cbf.cgt.fr\\\/index.php\\\/author\\\/am-guerrero\\\/\"}]}<\/script>\n<!-- \/ Yoast SEO plugin. -->","yoast_head_json":{"title":"Mercredi 02\/09 C'est Concert\u202f! - Centre Beno\u00eet Frachon","robots":{"index":"index","follow":"follow","max-snippet":"max-snippet:-1","max-image-preview":"max-image-preview:large","max-video-preview":"max-video-preview:-1"},"canonical":"https:\/\/cbf.cgt.fr\/index.php\/2026\/08\/30\/mercredi-02-cest-concert\/","og_locale":"fr_FR","og_type":"article","og_title":"Mercredi 02\/09 C'est Concert\u202f! - Centre Beno\u00eet Frachon","og_description":"KERESHMEH est un groupe de musiciens iraniens qui pr\u00f4ne le dialogue entre l&rsquo;Orient et l&rsquo;Occident.Hossein joue du t\u00e2r, instrument \u00e0 cordes embl\u00e9matique de la musique traditionnelle persane.Nava chante et joue du piano. Ambassadrice de la fusion, elle explore la synergie entre le r\u00e9pertoire classique universel et les m\u00e9lodies d\u2019Orient. Elle incarne, aux c\u00f4t\u00e9s de Hossein,&hellip;&nbsp;Lire la suite &raquo;Mercredi 02\/09 C&rsquo;est Concert\u202f!","og_url":"https:\/\/cbf.cgt.fr\/index.php\/2026\/08\/30\/mercredi-02-cest-concert\/","og_site_name":"Centre Beno\u00eet Frachon","article_publisher":"https:\/\/www.facebook.com\/CBFformationsyndicalecgt","article_published_time":"2026-08-30T17:19:51+00:00","article_modified_time":"2026-08-30T17:27:32+00:00","og_image":[{"width":718,"height":491,"url":"https:\/\/cbf.cgt.fr\/wp-content\/uploads\/2026\/08\/Spectacle-03-sept-26.png","type":"image\/png"}],"author":"Anne-Marie GUERRERO","twitter_card":"summary_large_image","twitter_misc":{"\u00c9crit par":"Anne-Marie GUERRERO","Dur\u00e9e de lecture estim\u00e9e":"1 minute"},"schema":{"@context":"https:\/\/schema.org","@graph":[{"@type":"Article","@id":"https:\/\/cbf.cgt.fr\/index.php\/2026\/08\/30\/mercredi-02-cest-concert\/#article","isPartOf":{"@id":"https:\/\/cbf.cgt.fr\/index.php\/2026\/08\/30\/mercredi-02-cest-concert\/"},"author":{"name":"Anne-Marie GUERRERO","@id":"https:\/\/cbf.cgt.fr\/#\/schema\/person\/b10522ab979e94c3dcac4983321f3801"},"headline":"Mercredi 02\/09 C&rsquo;est Concert\u202f!","datePublished":"2026-08-30T17:19:51+00:00","dateModified":"2026-08-30T17:27:32+00:00","mainEntityOfPage":{"@id":"https:\/\/cbf.cgt.fr\/index.php\/2026\/08\/30\/mercredi-02-cest-concert\/"},"wordCount":112,"commentCount":0,"publisher":{"@id":"https:\/\/cbf.cgt.fr\/#organization"},"image":{"@id":"https:\/\/cbf.cgt.fr\/index.php\/2026\/08\/30\/mercredi-02-cest-concert\/#primaryimage"},"thumbnailUrl":"https:\/\/cbf.cgt.fr\/wp-content\/uploads\/2026\/08\/Spectacle-03-sept-26.png","articleSection":["Activit\u00e9s culturelles","Spectacles Vivants"],"inLanguage":"fr-FR","potentialAction":[{"@type":"CommentAction","name":"Comment","target":["https:\/\/cbf.cgt.fr\/index.php\/2026\/08\/30\/mercredi-02-cest-concert\/#respond"]}]},{"@type":"WebPage","@id":"https:\/\/cbf.cgt.fr\/index.php\/2026\/08\/30\/mercredi-02-cest-concert\/","url":"https:\/\/cbf.cgt.fr\/index.php\/2026\/08\/30\/mercredi-02-cest-concert\/","name":"Mercredi 02\/09 C'est Concert\u202f! - Centre Beno\u00eet Frachon","isPartOf":{"@id":"https:\/\/cbf.cgt.fr\/#website"},"primaryImageOfPage":{"@id":"https:\/\/cbf.cgt.fr\/index.php\/2026\/08\/30\/mercredi-02-cest-concert\/#primaryimage"},"image":{"@id":"https:\/\/cbf.cgt.fr\/index.php\/2026\/08\/30\/mercredi-02-cest-concert\/#primaryimage"},"thumbnailUrl":"https:\/\/cbf.cgt.fr\/wp-content\/uploads\/2026\/08\/Spectacle-03-sept-26.png","datePublished":"2026-08-30T17:19:51+00:00","dateModified":"2026-08-30T17:27:32+00:00","breadcrumb":{"@id":"https:\/\/cbf.cgt.fr\/index.php\/2026\/08\/30\/mercredi-02-cest-concert\/#breadcrumb"},"inLanguage":"fr-FR","potentialAction":[{"@type":"ReadAction","target":["https:\/\/cbf.cgt.fr\/index.php\/2026\/08\/30\/mercredi-02-cest-concert\/"]}]},{"@type":"ImageObject","inLanguage":"fr-FR","@id":"https:\/\/cbf.cgt.fr\/index.php\/2026\/08\/30\/mercredi-02-cest-concert\/#primaryimage","url":"https:\/\/cbf.cgt.fr\/wp-content\/uploads\/2026\/08\/Spectacle-03-sept-26.png","contentUrl":"https:\/\/cbf.cgt.fr\/wp-content\/uploads\/2026\/08\/Spectacle-03-sept-26.png","width":718,"height":491},{"@type":"BreadcrumbList","@id":"https:\/\/cbf.cgt.fr\/index.php\/2026\/08\/30\/mercredi-02-cest-concert\/#breadcrumb","itemListElement":[{"@type":"ListItem","position":1,"name":"Accueil","item":"https:\/\/cbf.cgt.fr\/"},{"@type":"ListItem","position":2,"name":"Mercredi 02\/09 C&rsquo;est Concert\u202f!"}]},{"@type":"WebSite","@id":"https:\/\/cbf.cgt.fr\/#website","url":"https:\/\/cbf.cgt.fr\/","name":"Centre Beno\u00eet Frachon","description":"","publisher":{"@id":"https:\/\/cbf.cgt.fr\/#organization"},"potentialAction":[{"@type":"SearchAction","target":{"@type":"EntryPoint","urlTemplate":"https:\/\/cbf.cgt.fr\/?s={search_term_string}"},"query-input":{"@type":"PropertyValueSpecification","valueRequired":true,"valueName":"search_term_string"}}],"inLanguage":"fr-FR"},{"@type":"Organization","@id":"https:\/\/cbf.cgt.fr\/#organization","name":"Centre Beno\u00eet Frachon","url":"https:\/\/cbf.cgt.fr\/","logo":{"@type":"ImageObject","inLanguage":"fr-FR","@id":"https:\/\/cbf.cgt.fr\/#\/schema\/logo\/image\/","url":"https:\/\/cbf.cgt.fr\/wp-content\/uploads\/2023\/01\/logo-centre.png","contentUrl":"https:\/\/cbf.cgt.fr\/wp-content\/uploads\/2023\/01\/logo-centre.png","width":747,"height":429,"caption":"Centre Beno\u00eet Frachon"},"image":{"@id":"https:\/\/cbf.cgt.fr\/#\/schema\/logo\/image\/"},"sameAs":["https:\/\/www.facebook.com\/CBFformationsyndicalecgt","https:\/\/www.instagram.com\/centrebenoitfrachoncgt"]},{"@type":"Person","@id":"https:\/\/cbf.cgt.fr\/#\/schema\/person\/b10522ab979e94c3dcac4983321f3801","name":"Anne-Marie GUERRERO","image":{"@type":"ImageObject","inLanguage":"fr-FR","@id":"https:\/\/secure.gravatar.com\/avatar\/c78c5168360cc35b46fcc54a5cf78f9b7f20927117d7a3850a3119a9caec69d8?s=96&d=mm&r=g","url":"https:\/\/secure.gravatar.com\/avatar\/c78c5168360cc35b46fcc54a5cf78f9b7f20927117d7a3850a3119a9caec69d8?s=96&d=mm&r=g","contentUrl":"https:\/\/secure.gravatar.com\/avatar\/c78c5168360cc35b46fcc54a5cf78f9b7f20927117d7a3850a3119a9caec69d8?s=96&d=mm&r=g","caption":"Anne-Marie GUERRERO"},"url":"https:\/\/cbf.cgt.fr\/index.php\/author\/am-guerrero\/"}]}},"jetpack_publicize_connections":[],"jetpack_sharing_enabled":true,"jetpack_featured_media_url":"https:\/\/cbf.cgt.fr\/wp-content\/uploads\/2026\/08\/Spectacle-03-sept-26.png","_links":{"self":[{"href":"https:\/\/cbf.cgt.fr\/index.php\/wp-json\/wp\/v2\/posts\/1852","targetHints":{"allow":["GET"]}}],"collection":[{"href":"https:\/\/cbf.cgt.fr\/index.php\/wp-json\/wp\/v2\/posts"}],"about":[{"href":"https:\/\/cbf.cgt.fr\/index.php\/wp-json\/wp\/v2\/types\/post"}],"author":[{"embeddable":true,"href":"https:\/\/cbf.cgt.fr\/index.php\/wp-json\/wp\/v2\/users\/3"}],"replies":[{"embeddable":true,"href":"https:\/\/cbf.cgt.fr\/index.php\/wp-json\/wp\/v2\/comments?post=1852"}],"version-history":[{"count":4,"href":"https:\/\/cbf.cgt.fr\/index.php\/wp-json\/wp\/v2\/posts\/1852\/revisions"}],"predecessor-version":[{"id":1861,"href":"https:\/\/cbf.cgt.fr\/index.php\/wp-json\/wp\/v2\/posts\/1852\/revisions\/1861"}],"wp:featuredmedia":[{"embeddable":true,"href":"https:\/\/cbf.cgt.fr\/index.php\/wp-json\/wp\/v2\/media\/1853"}],"wp:attachment":[{"href":"https:\/\/cbf.cgt.fr\/index.php\/wp-json\/wp\/v2\/media?parent=1852"}],"wp:term":[{"taxonomy":"category","embeddable":true,"href":"https:\/\/cbf.cgt.fr\/index.php\/wp-json\/wp\/v2\/categories?post=1852"},{"taxonomy":"post_tag","embeddable":true,"href":"https:\/\/cbf.cgt.fr\/index.php\/wp-json\/wp\/v2\/tags?post=1852"}],"curies":[{"name":"wp","href":"https:\/\/api.w.org\/{rel}","templated":true}]}}