{"id":1857,"date":"2026-08-30T19:24:25","date_gmt":"2026-08-30T17:24:25","guid":{"rendered":"https:\/\/cbf.cgt.fr\/?p=1857"},"modified":"2026-08-30T19:24:27","modified_gmt":"2026-08-30T17:24:27","slug":"mardi-01-09-cest-cinema","status":"publish","type":"post","link":"https:\/\/cbf.cgt.fr\/index.php\/2026\/08\/30\/mardi-01-09-cest-cinema\/","title":{"rendered":"Mardi 01\/09 C&rsquo;est Cin\u00e9ma !"},"content":{"rendered":"\n<figure class=\"wp-block-image size-full\"><img decoding=\"async\" width=\"718\" height=\"491\" src=\"https:\/\/cbf.cgt.fr\/wp-content\/uploads\/2026\/08\/film-01-sept-26.png\" alt=\"\" class=\"wp-image-1858\" srcset=\"https:\/\/cbf.cgt.fr\/wp-content\/uploads\/2026\/08\/film-01-sept-26.png 718w, https:\/\/cbf.cgt.fr\/wp-content\/uploads\/2026\/08\/film-01-sept-26-300x205.png 300w\" sizes=\"(max-width: 718px) 100vw, 718px\" \/><\/figure>\n\n\n\n<p class=\"wp-block-paragraph\">Marianne Winckler, \u00e9crivaine reconnue, entreprend un livre sur le travail pr\u00e9caire. Elle s\u2019installe pr\u00e8s de Caen et, sans r\u00e9v\u00e9ler son identit\u00e9, rejoint une \u00e9quipe de femmes de m\u00e9nage. Confront\u00e9e \u00e0 la fragilit\u00e9 \u00e9conomique et \u00e0 l\u2019invisibilit\u00e9 sociale, elle d\u00e9couvre aussi l\u2019entraide et la solidarit\u00e9 qui unissent ces travailleuses de l\u2019ombre.<\/p>\n\n\n\n<p class=\"wp-block-paragraph\">De : Emmanuel Carr\u00e8re<br>Avec : Juliette Binoche, H\u00e9l\u00e8ne Lambert, L\u00e9a Carne<\/p>\n","protected":false},"excerpt":{"rendered":"<p>Marianne Winckler, \u00e9crivaine reconnue, entreprend un livre sur le travail pr\u00e9caire. Elle s\u2019installe pr\u00e8s de Caen et, sans r\u00e9v\u00e9ler son identit\u00e9, rejoint une \u00e9quipe de femmes de m\u00e9nage. Confront\u00e9e \u00e0 la fragilit\u00e9 \u00e9conomique et \u00e0 l\u2019invisibilit\u00e9 sociale, elle d\u00e9couvre aussi l\u2019entraide et la solidarit\u00e9 qui unissent ces travailleuses de l\u2019ombre. De : Emmanuel Carr\u00e8reAvec :&hellip;&nbsp;<a href=\"https:\/\/cbf.cgt.fr\/index.php\/2026\/08\/30\/mardi-01-09-cest-cinema\/\" rel=\"bookmark\">Lire la suite &raquo;<span class=\"screen-reader-text\">Mardi 01\/09 C&rsquo;est Cin\u00e9ma !<\/span><\/a><\/p>\n","protected":false},"author":3,"featured_media":1858,"comment_status":"open","ping_status":"open","sticky":false,"template":"","format":"standard","meta":{"neve_meta_sidebar":"","neve_meta_container":"","neve_meta_enable_content_width":"","neve_meta_content_width":0,"neve_meta_title_alignment":"","neve_meta_author_avatar":"","neve_post_elements_order":"","neve_meta_disable_header":"","neve_meta_disable_footer":"","neve_meta_disable_title":"","_jetpack_newsletter_access":"","_jetpack_dont_email_post_to_subs":false,"_jetpack_newsletter_tier_id":0,"_jetpack_memberships_contains_paywalled_content":false,"_jetpack_feature_clip_id":0,"_jetpack_memberships_contains_paid_content":false,"footnotes":"","jetpack_publicize_message":"","jetpack_publicize_feature_enabled":true,"jetpack_social_post_already_shared":true,"jetpack_social_options":{"image_generator_settings":{"template":"highway","default_image_id":0,"font":"","enabled":false},"version":2},"jetpack_post_was_ever_published":false},"categories":[5,19],"tags":[],"class_list":["post-1857","post","type-post","status-publish","format-standard","has-post-thumbnail","hentry","category-culturel","category-cine"],"yoast_head":"<!-- This site is optimized with the Yoast SEO plugin v28.4 - https:\/\/yoast.com\/product\/yoast-seo-wordpress\/ -->\n<title>Mardi 01\/09 C&#039;est Cin\u00e9ma ! - Centre Beno\u00eet Frachon<\/title>\n<meta name=\"robots\" content=\"index, follow, max-snippet:-1, max-image-preview:large, max-video-preview:-1\" \/>\n<link rel=\"canonical\" href=\"https:\/\/cbf.cgt.fr\/index.php\/2026\/08\/30\/mardi-01-09-cest-cinema\/\" \/>\n<meta property=\"og:locale\" content=\"fr_FR\" \/>\n<meta property=\"og:type\" content=\"article\" \/>\n<meta property=\"og:title\" content=\"Mardi 01\/09 C&#039;est Cin\u00e9ma ! - Centre Beno\u00eet Frachon\" \/>\n<meta property=\"og:description\" content=\"Marianne Winckler, \u00e9crivaine reconnue, entreprend un livre sur le travail pr\u00e9caire. Elle s\u2019installe pr\u00e8s de Caen et, sans r\u00e9v\u00e9ler son identit\u00e9, rejoint une \u00e9quipe de femmes de m\u00e9nage. Confront\u00e9e \u00e0 la fragilit\u00e9 \u00e9conomique et \u00e0 l\u2019invisibilit\u00e9 sociale, elle d\u00e9couvre aussi l\u2019entraide et la solidarit\u00e9 qui unissent ces travailleuses de l\u2019ombre. De : Emmanuel Carr\u00e8reAvec :&hellip;&nbsp;Lire la suite &raquo;Mardi 01\/09 C&rsquo;est Cin\u00e9ma !\" \/>\n<meta property=\"og:url\" content=\"https:\/\/cbf.cgt.fr\/index.php\/2026\/08\/30\/mardi-01-09-cest-cinema\/\" \/>\n<meta property=\"og:site_name\" content=\"Centre Beno\u00eet Frachon\" \/>\n<meta property=\"article:publisher\" content=\"https:\/\/www.facebook.com\/CBFformationsyndicalecgt\" \/>\n<meta property=\"article:published_time\" content=\"2026-08-30T17:24:25+00:00\" \/>\n<meta property=\"article:modified_time\" content=\"2026-08-30T17:24:27+00:00\" \/>\n<meta property=\"og:image\" content=\"https:\/\/cbf.cgt.fr\/wp-content\/uploads\/2026\/08\/film-01-sept-26.png\" \/>\n\t<meta property=\"og:image:width\" content=\"718\" \/>\n\t<meta property=\"og:image:height\" content=\"491\" \/>\n\t<meta property=\"og:image:type\" content=\"image\/png\" \/>\n<meta name=\"author\" content=\"Anne-Marie GUERRERO\" \/>\n<meta name=\"twitter:card\" content=\"summary_large_image\" \/>\n<meta name=\"twitter:label1\" content=\"\u00c9crit par\" \/>\n\t<meta name=\"twitter:data1\" content=\"Anne-Marie GUERRERO\" \/>\n\t<meta name=\"twitter:label2\" content=\"Dur\u00e9e de lecture estim\u00e9e\" \/>\n\t<meta name=\"twitter:data2\" content=\"1 minute\" \/>\n<script type=\"application\/ld+json\" class=\"yoast-schema-graph\">{\"@context\":\"https:\\\/\\\/schema.org\",\"@graph\":[{\"@type\":\"Article\",\"@id\":\"https:\\\/\\\/cbf.cgt.fr\\\/index.php\\\/2026\\\/08\\\/30\\\/mardi-01-09-cest-cinema\\\/#article\",\"isPartOf\":{\"@id\":\"https:\\\/\\\/cbf.cgt.fr\\\/index.php\\\/2026\\\/08\\\/30\\\/mardi-01-09-cest-cinema\\\/\"},\"author\":{\"name\":\"Anne-Marie GUERRERO\",\"@id\":\"https:\\\/\\\/cbf.cgt.fr\\\/#\\\/schema\\\/person\\\/b10522ab979e94c3dcac4983321f3801\"},\"headline\":\"Mardi 01\\\/09 C&rsquo;est Cin\u00e9ma !\",\"datePublished\":\"2026-08-30T17:24:25+00:00\",\"dateModified\":\"2026-08-30T17:24:27+00:00\",\"mainEntityOfPage\":{\"@id\":\"https:\\\/\\\/cbf.cgt.fr\\\/index.php\\\/2026\\\/08\\\/30\\\/mardi-01-09-cest-cinema\\\/\"},\"wordCount\":77,\"commentCount\":0,\"publisher\":{\"@id\":\"https:\\\/\\\/cbf.cgt.fr\\\/#organization\"},\"image\":{\"@id\":\"https:\\\/\\\/cbf.cgt.fr\\\/index.php\\\/2026\\\/08\\\/30\\\/mardi-01-09-cest-cinema\\\/#primaryimage\"},\"thumbnailUrl\":\"https:\\\/\\\/cbf.cgt.fr\\\/wp-content\\\/uploads\\\/2026\\\/08\\\/film-01-sept-26.png\",\"articleSection\":[\"Activit\u00e9s culturelles\",\"Cin\u00e9ma\"],\"inLanguage\":\"fr-FR\",\"potentialAction\":[{\"@type\":\"CommentAction\",\"name\":\"Comment\",\"target\":[\"https:\\\/\\\/cbf.cgt.fr\\\/index.php\\\/2026\\\/08\\\/30\\\/mardi-01-09-cest-cinema\\\/#respond\"]}]},{\"@type\":\"WebPage\",\"@id\":\"https:\\\/\\\/cbf.cgt.fr\\\/index.php\\\/2026\\\/08\\\/30\\\/mardi-01-09-cest-cinema\\\/\",\"url\":\"https:\\\/\\\/cbf.cgt.fr\\\/index.php\\\/2026\\\/08\\\/30\\\/mardi-01-09-cest-cinema\\\/\",\"name\":\"Mardi 01\\\/09 C'est Cin\u00e9ma ! - Centre Beno\u00eet Frachon\",\"isPartOf\":{\"@id\":\"https:\\\/\\\/cbf.cgt.fr\\\/#website\"},\"primaryImageOfPage\":{\"@id\":\"https:\\\/\\\/cbf.cgt.fr\\\/index.php\\\/2026\\\/08\\\/30\\\/mardi-01-09-cest-cinema\\\/#primaryimage\"},\"image\":{\"@id\":\"https:\\\/\\\/cbf.cgt.fr\\\/index.php\\\/2026\\\/08\\\/30\\\/mardi-01-09-cest-cinema\\\/#primaryimage\"},\"thumbnailUrl\":\"https:\\\/\\\/cbf.cgt.fr\\\/wp-content\\\/uploads\\\/2026\\\/08\\\/film-01-sept-26.png\",\"datePublished\":\"2026-08-30T17:24:25+00:00\",\"dateModified\":\"2026-08-30T17:24:27+00:00\",\"breadcrumb\":{\"@id\":\"https:\\\/\\\/cbf.cgt.fr\\\/index.php\\\/2026\\\/08\\\/30\\\/mardi-01-09-cest-cinema\\\/#breadcrumb\"},\"inLanguage\":\"fr-FR\",\"potentialAction\":[{\"@type\":\"ReadAction\",\"target\":[\"https:\\\/\\\/cbf.cgt.fr\\\/index.php\\\/2026\\\/08\\\/30\\\/mardi-01-09-cest-cinema\\\/\"]}]},{\"@type\":\"ImageObject\",\"inLanguage\":\"fr-FR\",\"@id\":\"https:\\\/\\\/cbf.cgt.fr\\\/index.php\\\/2026\\\/08\\\/30\\\/mardi-01-09-cest-cinema\\\/#primaryimage\",\"url\":\"https:\\\/\\\/cbf.cgt.fr\\\/wp-content\\\/uploads\\\/2026\\\/08\\\/film-01-sept-26.png\",\"contentUrl\":\"https:\\\/\\\/cbf.cgt.fr\\\/wp-content\\\/uploads\\\/2026\\\/08\\\/film-01-sept-26.png\",\"width\":718,\"height\":491},{\"@type\":\"BreadcrumbList\",\"@id\":\"https:\\\/\\\/cbf.cgt.fr\\\/index.php\\\/2026\\\/08\\\/30\\\/mardi-01-09-cest-cinema\\\/#breadcrumb\",\"itemListElement\":[{\"@type\":\"ListItem\",\"position\":1,\"name\":\"Accueil\",\"item\":\"https:\\\/\\\/cbf.cgt.fr\\\/\"},{\"@type\":\"ListItem\",\"position\":2,\"name\":\"Mardi 01\\\/09 C&rsquo;est Cin\u00e9ma !\"}]},{\"@type\":\"WebSite\",\"@id\":\"https:\\\/\\\/cbf.cgt.fr\\\/#website\",\"url\":\"https:\\\/\\\/cbf.cgt.fr\\\/\",\"name\":\"Centre Beno\u00eet Frachon\",\"description\":\"\",\"publisher\":{\"@id\":\"https:\\\/\\\/cbf.cgt.fr\\\/#organization\"},\"potentialAction\":[{\"@type\":\"SearchAction\",\"target\":{\"@type\":\"EntryPoint\",\"urlTemplate\":\"https:\\\/\\\/cbf.cgt.fr\\\/?s={search_term_string}\"},\"query-input\":{\"@type\":\"PropertyValueSpecification\",\"valueRequired\":true,\"valueName\":\"search_term_string\"}}],\"inLanguage\":\"fr-FR\"},{\"@type\":\"Organization\",\"@id\":\"https:\\\/\\\/cbf.cgt.fr\\\/#organization\",\"name\":\"Centre Beno\u00eet Frachon\",\"url\":\"https:\\\/\\\/cbf.cgt.fr\\\/\",\"logo\":{\"@type\":\"ImageObject\",\"inLanguage\":\"fr-FR\",\"@id\":\"https:\\\/\\\/cbf.cgt.fr\\\/#\\\/schema\\\/logo\\\/image\\\/\",\"url\":\"https:\\\/\\\/cbf.cgt.fr\\\/wp-content\\\/uploads\\\/2023\\\/01\\\/logo-centre.png\",\"contentUrl\":\"https:\\\/\\\/cbf.cgt.fr\\\/wp-content\\\/uploads\\\/2023\\\/01\\\/logo-centre.png\",\"width\":747,\"height\":429,\"caption\":\"Centre Beno\u00eet Frachon\"},\"image\":{\"@id\":\"https:\\\/\\\/cbf.cgt.fr\\\/#\\\/schema\\\/logo\\\/image\\\/\"},\"sameAs\":[\"https:\\\/\\\/www.facebook.com\\\/CBFformationsyndicalecgt\",\"https:\\\/\\\/www.instagram.com\\\/centrebenoitfrachoncgt\"]},{\"@type\":\"Person\",\"@id\":\"https:\\\/\\\/cbf.cgt.fr\\\/#\\\/schema\\\/person\\\/b10522ab979e94c3dcac4983321f3801\",\"name\":\"Anne-Marie GUERRERO\",\"image\":{\"@type\":\"ImageObject\",\"inLanguage\":\"fr-FR\",\"@id\":\"https:\\\/\\\/secure.gravatar.com\\\/avatar\\\/c78c5168360cc35b46fcc54a5cf78f9b7f20927117d7a3850a3119a9caec69d8?s=96&d=mm&r=g\",\"url\":\"https:\\\/\\\/secure.gravatar.com\\\/avatar\\\/c78c5168360cc35b46fcc54a5cf78f9b7f20927117d7a3850a3119a9caec69d8?s=96&d=mm&r=g\",\"contentUrl\":\"https:\\\/\\\/secure.gravatar.com\\\/avatar\\\/c78c5168360cc35b46fcc54a5cf78f9b7f20927117d7a3850a3119a9caec69d8?s=96&d=mm&r=g\",\"caption\":\"Anne-Marie GUERRERO\"},\"url\":\"https:\\\/\\\/cbf.cgt.fr\\\/index.php\\\/author\\\/am-guerrero\\\/\"}]}<\/script>\n<!-- \/ Yoast SEO plugin. -->","yoast_head_json":{"title":"Mardi 01\/09 C'est Cin\u00e9ma ! - Centre Beno\u00eet Frachon","robots":{"index":"index","follow":"follow","max-snippet":"max-snippet:-1","max-image-preview":"max-image-preview:large","max-video-preview":"max-video-preview:-1"},"canonical":"https:\/\/cbf.cgt.fr\/index.php\/2026\/08\/30\/mardi-01-09-cest-cinema\/","og_locale":"fr_FR","og_type":"article","og_title":"Mardi 01\/09 C'est Cin\u00e9ma ! - Centre Beno\u00eet Frachon","og_description":"Marianne Winckler, \u00e9crivaine reconnue, entreprend un livre sur le travail pr\u00e9caire. Elle s\u2019installe pr\u00e8s de Caen et, sans r\u00e9v\u00e9ler son identit\u00e9, rejoint une \u00e9quipe de femmes de m\u00e9nage. Confront\u00e9e \u00e0 la fragilit\u00e9 \u00e9conomique et \u00e0 l\u2019invisibilit\u00e9 sociale, elle d\u00e9couvre aussi l\u2019entraide et la solidarit\u00e9 qui unissent ces travailleuses de l\u2019ombre. De : Emmanuel Carr\u00e8reAvec :&hellip;&nbsp;Lire la suite &raquo;Mardi 01\/09 C&rsquo;est Cin\u00e9ma !","og_url":"https:\/\/cbf.cgt.fr\/index.php\/2026\/08\/30\/mardi-01-09-cest-cinema\/","og_site_name":"Centre Beno\u00eet Frachon","article_publisher":"https:\/\/www.facebook.com\/CBFformationsyndicalecgt","article_published_time":"2026-08-30T17:24:25+00:00","article_modified_time":"2026-08-30T17:24:27+00:00","og_image":[{"width":718,"height":491,"url":"https:\/\/cbf.cgt.fr\/wp-content\/uploads\/2026\/08\/film-01-sept-26.png","type":"image\/png"}],"author":"Anne-Marie GUERRERO","twitter_card":"summary_large_image","twitter_misc":{"\u00c9crit par":"Anne-Marie GUERRERO","Dur\u00e9e de lecture estim\u00e9e":"1 minute"},"schema":{"@context":"https:\/\/schema.org","@graph":[{"@type":"Article","@id":"https:\/\/cbf.cgt.fr\/index.php\/2026\/08\/30\/mardi-01-09-cest-cinema\/#article","isPartOf":{"@id":"https:\/\/cbf.cgt.fr\/index.php\/2026\/08\/30\/mardi-01-09-cest-cinema\/"},"author":{"name":"Anne-Marie GUERRERO","@id":"https:\/\/cbf.cgt.fr\/#\/schema\/person\/b10522ab979e94c3dcac4983321f3801"},"headline":"Mardi 01\/09 C&rsquo;est Cin\u00e9ma !","datePublished":"2026-08-30T17:24:25+00:00","dateModified":"2026-08-30T17:24:27+00:00","mainEntityOfPage":{"@id":"https:\/\/cbf.cgt.fr\/index.php\/2026\/08\/30\/mardi-01-09-cest-cinema\/"},"wordCount":77,"commentCount":0,"publisher":{"@id":"https:\/\/cbf.cgt.fr\/#organization"},"image":{"@id":"https:\/\/cbf.cgt.fr\/index.php\/2026\/08\/30\/mardi-01-09-cest-cinema\/#primaryimage"},"thumbnailUrl":"https:\/\/cbf.cgt.fr\/wp-content\/uploads\/2026\/08\/film-01-sept-26.png","articleSection":["Activit\u00e9s culturelles","Cin\u00e9ma"],"inLanguage":"fr-FR","potentialAction":[{"@type":"CommentAction","name":"Comment","target":["https:\/\/cbf.cgt.fr\/index.php\/2026\/08\/30\/mardi-01-09-cest-cinema\/#respond"]}]},{"@type":"WebPage","@id":"https:\/\/cbf.cgt.fr\/index.php\/2026\/08\/30\/mardi-01-09-cest-cinema\/","url":"https:\/\/cbf.cgt.fr\/index.php\/2026\/08\/30\/mardi-01-09-cest-cinema\/","name":"Mardi 01\/09 C'est Cin\u00e9ma ! - Centre Beno\u00eet Frachon","isPartOf":{"@id":"https:\/\/cbf.cgt.fr\/#website"},"primaryImageOfPage":{"@id":"https:\/\/cbf.cgt.fr\/index.php\/2026\/08\/30\/mardi-01-09-cest-cinema\/#primaryimage"},"image":{"@id":"https:\/\/cbf.cgt.fr\/index.php\/2026\/08\/30\/mardi-01-09-cest-cinema\/#primaryimage"},"thumbnailUrl":"https:\/\/cbf.cgt.fr\/wp-content\/uploads\/2026\/08\/film-01-sept-26.png","datePublished":"2026-08-30T17:24:25+00:00","dateModified":"2026-08-30T17:24:27+00:00","breadcrumb":{"@id":"https:\/\/cbf.cgt.fr\/index.php\/2026\/08\/30\/mardi-01-09-cest-cinema\/#breadcrumb"},"inLanguage":"fr-FR","potentialAction":[{"@type":"ReadAction","target":["https:\/\/cbf.cgt.fr\/index.php\/2026\/08\/30\/mardi-01-09-cest-cinema\/"]}]},{"@type":"ImageObject","inLanguage":"fr-FR","@id":"https:\/\/cbf.cgt.fr\/index.php\/2026\/08\/30\/mardi-01-09-cest-cinema\/#primaryimage","url":"https:\/\/cbf.cgt.fr\/wp-content\/uploads\/2026\/08\/film-01-sept-26.png","contentUrl":"https:\/\/cbf.cgt.fr\/wp-content\/uploads\/2026\/08\/film-01-sept-26.png","width":718,"height":491},{"@type":"BreadcrumbList","@id":"https:\/\/cbf.cgt.fr\/index.php\/2026\/08\/30\/mardi-01-09-cest-cinema\/#breadcrumb","itemListElement":[{"@type":"ListItem","position":1,"name":"Accueil","item":"https:\/\/cbf.cgt.fr\/"},{"@type":"ListItem","position":2,"name":"Mardi 01\/09 C&rsquo;est Cin\u00e9ma !"}]},{"@type":"WebSite","@id":"https:\/\/cbf.cgt.fr\/#website","url":"https:\/\/cbf.cgt.fr\/","name":"Centre Beno\u00eet Frachon","description":"","publisher":{"@id":"https:\/\/cbf.cgt.fr\/#organization"},"potentialAction":[{"@type":"SearchAction","target":{"@type":"EntryPoint","urlTemplate":"https:\/\/cbf.cgt.fr\/?s={search_term_string}"},"query-input":{"@type":"PropertyValueSpecification","valueRequired":true,"valueName":"search_term_string"}}],"inLanguage":"fr-FR"},{"@type":"Organization","@id":"https:\/\/cbf.cgt.fr\/#organization","name":"Centre Beno\u00eet Frachon","url":"https:\/\/cbf.cgt.fr\/","logo":{"@type":"ImageObject","inLanguage":"fr-FR","@id":"https:\/\/cbf.cgt.fr\/#\/schema\/logo\/image\/","url":"https:\/\/cbf.cgt.fr\/wp-content\/uploads\/2023\/01\/logo-centre.png","contentUrl":"https:\/\/cbf.cgt.fr\/wp-content\/uploads\/2023\/01\/logo-centre.png","width":747,"height":429,"caption":"Centre Beno\u00eet Frachon"},"image":{"@id":"https:\/\/cbf.cgt.fr\/#\/schema\/logo\/image\/"},"sameAs":["https:\/\/www.facebook.com\/CBFformationsyndicalecgt","https:\/\/www.instagram.com\/centrebenoitfrachoncgt"]},{"@type":"Person","@id":"https:\/\/cbf.cgt.fr\/#\/schema\/person\/b10522ab979e94c3dcac4983321f3801","name":"Anne-Marie GUERRERO","image":{"@type":"ImageObject","inLanguage":"fr-FR","@id":"https:\/\/secure.gravatar.com\/avatar\/c78c5168360cc35b46fcc54a5cf78f9b7f20927117d7a3850a3119a9caec69d8?s=96&d=mm&r=g","url":"https:\/\/secure.gravatar.com\/avatar\/c78c5168360cc35b46fcc54a5cf78f9b7f20927117d7a3850a3119a9caec69d8?s=96&d=mm&r=g","contentUrl":"https:\/\/secure.gravatar.com\/avatar\/c78c5168360cc35b46fcc54a5cf78f9b7f20927117d7a3850a3119a9caec69d8?s=96&d=mm&r=g","caption":"Anne-Marie GUERRERO"},"url":"https:\/\/cbf.cgt.fr\/index.php\/author\/am-guerrero\/"}]}},"jetpack_publicize_connections":[],"jetpack_sharing_enabled":true,"jetpack_featured_media_url":"https:\/\/cbf.cgt.fr\/wp-content\/uploads\/2026\/08\/film-01-sept-26.png","_links":{"self":[{"href":"https:\/\/cbf.cgt.fr\/index.php\/wp-json\/wp\/v2\/posts\/1857","targetHints":{"allow":["GET"]}}],"collection":[{"href":"https:\/\/cbf.cgt.fr\/index.php\/wp-json\/wp\/v2\/posts"}],"about":[{"href":"https:\/\/cbf.cgt.fr\/index.php\/wp-json\/wp\/v2\/types\/post"}],"author":[{"embeddable":true,"href":"https:\/\/cbf.cgt.fr\/index.php\/wp-json\/wp\/v2\/users\/3"}],"replies":[{"embeddable":true,"href":"https:\/\/cbf.cgt.fr\/index.php\/wp-json\/wp\/v2\/comments?post=1857"}],"version-history":[{"count":1,"href":"https:\/\/cbf.cgt.fr\/index.php\/wp-json\/wp\/v2\/posts\/1857\/revisions"}],"predecessor-version":[{"id":1859,"href":"https:\/\/cbf.cgt.fr\/index.php\/wp-json\/wp\/v2\/posts\/1857\/revisions\/1859"}],"wp:featuredmedia":[{"embeddable":true,"href":"https:\/\/cbf.cgt.fr\/index.php\/wp-json\/wp\/v2\/media\/1858"}],"wp:attachment":[{"href":"https:\/\/cbf.cgt.fr\/index.php\/wp-json\/wp\/v2\/media?parent=1857"}],"wp:term":[{"taxonomy":"category","embeddable":true,"href":"https:\/\/cbf.cgt.fr\/index.php\/wp-json\/wp\/v2\/categories?post=1857"},{"taxonomy":"post_tag","embeddable":true,"href":"https:\/\/cbf.cgt.fr\/index.php\/wp-json\/wp\/v2\/tags?post=1857"}],"curies":[{"name":"wp","href":"https:\/\/api.w.org\/{rel}","templated":true}]}}